{"id":1430,"date":"2021-05-14T23:06:40","date_gmt":"2021-05-14T21:06:40","guid":{"rendered":"https:\/\/itopipinnuti.fr\/?p=1430"},"modified":"2025-07-10T13:12:21","modified_gmt":"2025-07-10T11:12:21","slug":"vendredi-14-mai-2021-speleo-exploration-initiation-grotte-de-carpinetto-lano","status":"publish","type":"post","link":"https:\/\/itopipinnuti.fr\/?p=1430","title":{"rendered":"Vendredi 14 mai 2021 &#8211; Sp\u00e9l\u00e9o, exploration, initiation &#8211; Grotte de Carpinetto, Lano"},"content":{"rendered":"<p style=\"font-weight: 400;\">Vendredi 14 mai 2021<\/p>\n<p style=\"font-weight: 400;\">Sp\u00e9l\u00e9o, exploration, initiation<\/p>\n<p style=\"font-weight: 400;\">Grotte de Carpinetto, Lano<\/p>\n<p style=\"font-weight: 400;\">Participants<\/p>\n<ul style=\"font-weight: 400;\">\n<li>ITP :<em>\u00a0Amal D.,\u00a0<\/em><em>Jean-No\u00ebl D., Francis M., No\u00ebl R., Alexia S. B., Franck Z.<\/em><\/li>\n<li>SSF34 :\u00a0<em>Olivier A., Franck B., Marie B., J\u00e9r\u00f4me B., Didier G., Olivier G., Suzanne J., Aude H., St\u00e9phane M., Franck M., Denis P., Dominique R., Laurence et Jean-Michel S, Claudie S.<\/em><\/li>\n<li>Initi\u00e9e :\u00a0<em>An\u00e9mone G.J. (1 an et des brouettes)<\/em><\/li>\n<\/ul>\n<p style=\"font-weight: 400;\">TPST : 3h00<\/p>\n<p style=\"font-weight: 400;\"><a href=\"https:\/\/itopipinnuti.synology.me\/mo\/sharing\/q3YSkWLPm\" target=\"_blank\" rel=\"noopener\">Photos<\/a><\/p>\n<p style=\"font-weight: 400;\">La derni\u00e8re visite de Carpinetto remonte au 19 f\u00e9vrier 2019, profitons de la visite du SSF 34 pour explorer la cavit\u00e9 la plus grande de Corse avec, rappelons-le, ses pr\u00e8s de 900 m\u00e8tres de d\u00e9veloppement.<\/p>\n<p style=\"font-weight: 400;\">Pour cette petite ballade, nous retrouvons au pont du Golo aux alentours de 9h, et rejoignons Jean-No\u00ebl au d\u00e9part de la piste. Quelques un pr\u00e9f\u00e8rent la petite vir\u00e9e en 4&#215;4 tandis que d\u2019autres la randonn\u00e9e p\u00e9destre pour s\u2019\u00e9chauffer.<\/p>\n<p style=\"font-weight: 400;\">Conform\u00e9ment aux pr\u00e9visions m\u00e9t\u00e9o, il pleuviote un peu et nous nous activons pour nous pr\u00e9parer. Arrivons \u00e0 l\u2019entr\u00e9e de la grotte vers 11h00. C\u2019est une premi\u00e8re pour An\u00e9mone qui du haut de ses 1 an, p\u00e9n\u00e8tre pour la premi\u00e8re fois dans une cavit\u00e9, bien encadr\u00e9e par ses parents.<\/p>\n<p style=\"font-weight: 400;\">On s\u2019approche des records\u00a0puisque 22 sp\u00e9l\u00e9os explorent les lieux\u00a0!!!! Dans un premier temps tout le groupe se suit, puis ce dernier se divise en deux groupes. Tout y passe\u00a0: lacs jumeaux, salle des rhombo\u00e9driques, lac des italiens, etc&#8230; C\u2019est un v\u00e9ritable labyrinthe on s\u2019y perdrait presque.<\/p>\n<p style=\"font-weight: 400;\">Alexia et Franck en profitent pour emprunter le boyau Silvain, c\u2019est du sport\u00a0!!! La s\u00e9ance de \u00ab\u00a0ramping\u00a0\u00bb laisse des traces sur l\u2019organisme et la combi\u00a0: la fin du boyau est obstru\u00e9e par du sable, il ne reste qu\u2019\u00e0 creuser\u2026. \u00c0 suivre lors d\u2019une prochaine exp\u00e9dition.<\/p>\n<p style=\"font-weight: 400;\">Et pendant ce temps-l\u00e0, Amal d\u00e9couvre une nouvelle jonction inconnue \u00e0 ce jour.<\/p>\n<p style=\"font-weight: 400;\">Les s\u00e9ances photos se succ\u00e8dent, nos invit\u00e9s ont l\u2019air de s\u2019amuser dans cette cavit\u00e9. Mais l\u2019appel du ventre se fait ressentir et retrouvons la lueur du jour vers 14h.<\/p>\n<p style=\"font-weight: 400;\">Pour la suite, le barbecue sera install\u00e9 sur la place du village \u00e0 c\u00f4t\u00e9 d\u2019un nouveau four \u00e0 pain couvert. Nous redescendrons apr\u00e8s quelques grillades, bi\u00e8res, et autres boissons.<\/p>\n<p style=\"font-weight: 400;\">La journ\u00e9e aura donc \u00e9t\u00e9 marqu\u00e9e par 3 premi\u00e8res\u00a0:<\/p>\n<ul style=\"font-weight: 400;\">\n<li>La premi\u00e8re fois sous terre pour An\u00e9mone<\/li>\n<li>La premi\u00e8re fois dans le boyau Silvain pour Franck<\/li>\n<li>La d\u00e9couverte d\u2019une jonction pour Amal<\/li>\n<\/ul>\n<p style=\"font-weight: 400;\">Bref une bonne journ\u00e9e<\/p>\n<p style=\"font-weight: 400;\"><em>Franck<\/em><\/p>\n","protected":false},"excerpt":{"rendered":"<p>Vendredi 14 mai 2021 Sp\u00e9l\u00e9o, exploration, initiation Grotte de Carpinetto, Lano Participants ITP :\u00a0Amal D.,\u00a0Jean-No\u00ebl D., Francis M., No\u00ebl R., Alexia S. B., Franck Z. SSF34 :\u00a0Olivier A., Franck B., Marie B., J\u00e9r\u00f4me B., Didier G., Olivier G., Suzanne J., Aude H., St\u00e9phane M., Franck M., Denis P., Dominique R., Laurence et Jean-Michel S, Claudie [&hellip;]<\/p>\n","protected":false},"author":6,"featured_media":0,"comment_status":"open","ping_status":"open","sticky":false,"template":"","format":"standard","meta":[],"categories":[5],"tags":[31,49,63,65,69,114,183],"_links":{"self":[{"href":"https:\/\/itopipinnuti.fr\/index.php?rest_route=\/wp\/v2\/posts\/1430"}],"collection":[{"href":"https:\/\/itopipinnuti.fr\/index.php?rest_route=\/wp\/v2\/posts"}],"about":[{"href":"https:\/\/itopipinnuti.fr\/index.php?rest_route=\/wp\/v2\/types\/post"}],"author":[{"embeddable":true,"href":"https:\/\/itopipinnuti.fr\/index.php?rest_route=\/wp\/v2\/users\/6"}],"replies":[{"embeddable":true,"href":"https:\/\/itopipinnuti.fr\/index.php?rest_route=%2Fwp%2Fv2%2Fcomments&post=1430"}],"version-history":[{"count":3,"href":"https:\/\/itopipinnuti.fr\/index.php?rest_route=\/wp\/v2\/posts\/1430\/revisions"}],"predecessor-version":[{"id":5997,"href":"https:\/\/itopipinnuti.fr\/index.php?rest_route=\/wp\/v2\/posts\/1430\/revisions\/5997"}],"wp:attachment":[{"href":"https:\/\/itopipinnuti.fr\/index.php?rest_route=%2Fwp%2Fv2%2Fmedia&parent=1430"}],"wp:term":[{"taxonomy":"category","embeddable":true,"href":"https:\/\/itopipinnuti.fr\/index.php?rest_route=%2Fwp%2Fv2%2Fcategories&post=1430"},{"taxonomy":"post_tag","embeddable":true,"href":"https:\/\/itopipinnuti.fr\/index.php?rest_route=%2Fwp%2Fv2%2Ftags&post=1430"}],"curies":[{"name":"wp","href":"https:\/\/api.w.org\/{rel}","templated":true}]}}