{"id":3769,"date":"2024-03-28T23:12:31","date_gmt":"2024-03-28T22:12:31","guid":{"rendered":"https:\/\/itopipinnuti.fr\/?p=3769"},"modified":"2024-03-31T18:06:23","modified_gmt":"2024-03-31T16:06:23","slug":"jeudi-28-mars-2024-mine-de-cardo-grotta-della-gradicchia-bastia","status":"publish","type":"post","link":"https:\/\/itopipinnuti.fr\/?p=3769","title":{"rendered":"Jeudi 28 mars 2024 \u2013 Mine de Cardo, Grotta della Gradicchia &#8211; Bastia"},"content":{"rendered":"<p><strong>Jeudi 28 mars 2024<\/strong><br \/>\nSp\u00e9l\u00e9o, rep\u00e9rage<br \/>\nMine de Cardo, Grotta della Gradicchia &#8211; Bastia<\/p>\n<p><strong>Participants<\/strong><br \/>\nITP : <em>Micha\u00ebl D., Jean-Claude L. M.<\/em><\/p>\n<p><strong>TPST<\/strong> : 0h30<\/p>\n<p>Les mines de Cardo ont \u00e9t\u00e9 exploit\u00e9es durant la 2<sup>\u00e8me<\/sup> partie du 19<sup>\u00e8me<\/sup> si\u00e8cle pour ses sulfures d<span style=\"font-size: 1rem;\">e fer (pyrite) et de cuivre (chalcopyrite). Exploitation abandonn\u00e9e par manque de rendement.<\/span><\/p>\n<p>Notre derni\u00e8re visite remonte au 9 d\u00e9cembre 1995 (<a href=\"https:\/\/itopipinnuti.fr\/exitp\/cr1995#Samedi_9_decembre_1995\" target=\"_blank\" rel=\"noopener\">https:\/\/itopipinnuti.fr\/exitp\/cr1995#Samedi_9_decembre_1995<\/a>), elle avait pr\u00e9c\u00e9d\u00e9 une mise en s\u00e9curit\u00e9 r\u00e9alis\u00e9e par le BRGM \u00e0 la demande de la DRIRE. Toute les galeries ont \u00e9t\u00e9 b\u00e9tonn\u00e9es, \u00e0 l\u2019exception de la galerie G2, o\u00f9 une prise d\u2019eau ancestrale avait permis \u00e0 un riverain de b\u00e9n\u00e9ficier d\u2019un acc\u00e8s, \u00e0 la condition d\u2019en g\u00e9rer la fermeture. <a href=\"https:\/\/itopipinnuti.fr\/wp-content\/uploads\/2024\/03\/2024-03-28-Mine-de-Cardo-Gradiccia_LMJC_002.jpg\" data-lbwps-width=\"900\" data-lbwps-height=\"1200\" data-lbwps-srcsmall=\"https:\/\/itopipinnuti.fr\/wp-content\/uploads\/2024\/03\/2024-03-28-Mine-de-Cardo-Gradiccia_LMJC_002-225x300.jpg\"><img loading=\"lazy\" class=\"size-medium wp-image-3771 alignright\" src=\"https:\/\/itopipinnuti.fr\/wp-content\/uploads\/2024\/03\/2024-03-28-Mine-de-Cardo-Gradiccia_LMJC_002-225x300.jpg\" alt=\"\" width=\"225\" height=\"300\" srcset=\"https:\/\/itopipinnuti.fr\/wp-content\/uploads\/2024\/03\/2024-03-28-Mine-de-Cardo-Gradiccia_LMJC_002-225x300.jpg 225w, https:\/\/itopipinnuti.fr\/wp-content\/uploads\/2024\/03\/2024-03-28-Mine-de-Cardo-Gradiccia_LMJC_002-768x1024.jpg 768w, https:\/\/itopipinnuti.fr\/wp-content\/uploads\/2024\/03\/2024-03-28-Mine-de-Cardo-Gradiccia_LMJC_002-624x832.jpg 624w, https:\/\/itopipinnuti.fr\/wp-content\/uploads\/2024\/03\/2024-03-28-Mine-de-Cardo-Gradiccia_LMJC_002.jpg 900w\" sizes=\"(max-width: 225px) 100vw, 225px\" \/><\/a><\/p>\n<p>En vue d\u2019agr\u00e9menter cette journ\u00e9e d\u2019AG liguesque d\u2019une petite sortie \u00e0 la demi-journ\u00e9e une \u00e9tude sur les possibilit\u00e9s d\u2019acc\u00e8s se d\u00e9cide tardivement. Elle s\u2019av\u00e8re infructueuse par t\u00e9l\u00e9phone, une reconnaissance sur le terrain est donc n\u00e9cessaire.<\/p>\n<p>D\u00e9bauchage de Micca qui s\u2019appr\u00eatait \u00e0 rejoindre Mumu au local pour de basses besognes mat\u00e9rielles. On peut pr\u00e9ciser que le d\u00e9bauchage a \u00e9t\u00e9 facile sans avoir eu besoin de menacer l\u2019individu \ud83d\ude00<\/p>\n<p>Nous voil\u00e0 sur la place de l\u2019\u00e9glise, premier <span style=\"font-size: 1rem;\">contact avec un petit groupe d\u2019anciens papotant de diverses choses d\u2019anciens. Ils nous confirment que le propri\u00e9taire qui avait sign\u00e9 la convention avec le BRGM est toujours au village, \u00e0 quelques dizaines de m\u00e8tres de l\u00e0. Nous voil\u00e0 maintenant devant son domicile, premier contact avec la fille (?), qui appelle aussit\u00f4t le v\u00e9n\u00e9rable de la maison. Nous pr\u00e9sentons notre d\u00e9marche et le courant passe rap<\/span><span style=\"font-size: 1rem;\">idement. On a droit \u00e0 diverses anecdotes et rappels historiques datant de la derni\u00e8re guerre, mais il ne poss\u00e8de pas le s\u00e9same d\u2019acc\u00e8s \u00e0 la galerie esp\u00e9r\u00e9e. Nous le quittons \u00e0 regret, on ne se lasse pas des histoires racont\u00e9es par les anciens, et d\u00e9cidons de nous approcher d<\/span><span style=\"font-size: 1rem;\">e la mine.<\/span><\/p>\n<p>Surprise en arrivant devant l&rsquo;entr\u00e9e de la mine, nous b\u00e9n\u00e9ficions d\u2019un acc\u00e8s lib\u00e9r\u00e9 par des pr\u00e9d\u00e9cesseurs et nous en profitons \u00e9videmment pour effectuer une rapide visite de la galerie, elle sera \u00e9galem<span style=\"font-size: 1rem;\">ent possible le samedi de l\u2019AG.<\/span><\/p>\n<p>Une petite visite de la Grotta della Gradiccia termine cet apr\u00e8s-midi de reconnaissance, avant de retourner au local et de s&rsquo;y faire r\u00e9primander par Mumu \ud83d\ude00<\/p>\n<p style=\"text-align: right;\"><em>JCL<\/em><a href=\"https:\/\/itopipinnuti.fr\/wp-content\/uploads\/2024\/03\/2024-03-28-Mine-de-Cardo-Gradiccia_LMJC_003.jpg\" data-lbwps-width=\"1600\" data-lbwps-height=\"1200\" data-lbwps-srcsmall=\"https:\/\/itopipinnuti.fr\/wp-content\/uploads\/2024\/03\/2024-03-28-Mine-de-Cardo-Gradiccia_LMJC_003-300x225.jpg\"><img loading=\"lazy\" class=\"alignleft size-medium wp-image-3772\" src=\"https:\/\/itopipinnuti.fr\/wp-content\/uploads\/2024\/03\/2024-03-28-Mine-de-Cardo-Gradiccia_LMJC_003-300x225.jpg\" alt=\"\" width=\"300\" height=\"225\" srcset=\"https:\/\/itopipinnuti.fr\/wp-content\/uploads\/2024\/03\/2024-03-28-Mine-de-Cardo-Gradiccia_LMJC_003-300x225.jpg 300w, https:\/\/itopipinnuti.fr\/wp-content\/uploads\/2024\/03\/2024-03-28-Mine-de-Cardo-Gradiccia_LMJC_003-1024x768.jpg 1024w, https:\/\/itopipinnuti.fr\/wp-content\/uploads\/2024\/03\/2024-03-28-Mine-de-Cardo-Gradiccia_LMJC_003-768x576.jpg 768w, https:\/\/itopipinnuti.fr\/wp-content\/uploads\/2024\/03\/2024-03-28-Mine-de-Cardo-Gradiccia_LMJC_003-1536x1152.jpg 1536w, https:\/\/itopipinnuti.fr\/wp-content\/uploads\/2024\/03\/2024-03-28-Mine-de-Cardo-Gradiccia_LMJC_003-624x468.jpg 624w, https:\/\/itopipinnuti.fr\/wp-content\/uploads\/2024\/03\/2024-03-28-Mine-de-Cardo-Gradiccia_LMJC_003.jpg 1600w\" sizes=\"(max-width: 300px) 100vw, 300px\" \/><\/a><\/p>\n","protected":false},"excerpt":{"rendered":"<p>Jeudi 28 mars 2024 Sp\u00e9l\u00e9o, rep\u00e9rage Mine de Cardo, Grotta della Gradicchia &#8211; Bastia Participants ITP : Micha\u00ebl D., Jean-Claude L. M. TPST : 0h30 Les mines de Cardo ont \u00e9t\u00e9 exploit\u00e9es durant la 2\u00e8me partie du 19\u00e8me si\u00e8cle pour ses sulfures de fer (pyrite) et de cuivre (chalcopyrite). Exploitation abandonn\u00e9e par manque de rendement. [&hellip;]<\/p>\n","protected":false},"author":5,"featured_media":0,"comment_status":"open","ping_status":"open","sticky":false,"template":"","format":"standard","meta":[],"categories":[5],"tags":[17,60,184,114],"_links":{"self":[{"href":"https:\/\/itopipinnuti.fr\/index.php?rest_route=\/wp\/v2\/posts\/3769"}],"collection":[{"href":"https:\/\/itopipinnuti.fr\/index.php?rest_route=\/wp\/v2\/posts"}],"about":[{"href":"https:\/\/itopipinnuti.fr\/index.php?rest_route=\/wp\/v2\/types\/post"}],"author":[{"embeddable":true,"href":"https:\/\/itopipinnuti.fr\/index.php?rest_route=\/wp\/v2\/users\/5"}],"replies":[{"embeddable":true,"href":"https:\/\/itopipinnuti.fr\/index.php?rest_route=%2Fwp%2Fv2%2Fcomments&post=3769"}],"version-history":[{"count":3,"href":"https:\/\/itopipinnuti.fr\/index.php?rest_route=\/wp\/v2\/posts\/3769\/revisions"}],"predecessor-version":[{"id":3777,"href":"https:\/\/itopipinnuti.fr\/index.php?rest_route=\/wp\/v2\/posts\/3769\/revisions\/3777"}],"wp:attachment":[{"href":"https:\/\/itopipinnuti.fr\/index.php?rest_route=%2Fwp%2Fv2%2Fmedia&parent=3769"}],"wp:term":[{"taxonomy":"category","embeddable":true,"href":"https:\/\/itopipinnuti.fr\/index.php?rest_route=%2Fwp%2Fv2%2Fcategories&post=3769"},{"taxonomy":"post_tag","embeddable":true,"href":"https:\/\/itopipinnuti.fr\/index.php?rest_route=%2Fwp%2Fv2%2Ftags&post=3769"}],"curies":[{"name":"wp","href":"https:\/\/api.w.org\/{rel}","templated":true}]}}